{"id":4695,"date":"2022-03-31T14:59:21","date_gmt":"2022-03-31T18:59:21","guid":{"rendered":"https:\/\/mun-havelock.ca\/?p=4695"},"modified":"2022-03-31T15:02:49","modified_gmt":"2022-03-31T19:02:49","slug":"the-future-of-the-forest-in-the-western-monteregie-in-the-context-of-climate-change","status":"publish","type":"post","link":"https:\/\/mun-havelock.ca\/en\/the-future-of-the-forest-in-the-western-monteregie-in-the-context-of-climate-change\/","title":{"rendered":"The future of the forest in the western Mont\u00e9r\u00e9gie in the context of climate change"},"content":{"rendered":"\t\t<div data-elementor-type=\"wp-post\" data-elementor-id=\"4695\" class=\"elementor elementor-4695 elementor-4694\" data-elementor-post-type=\"post\">\n\t\t\t\t\t\t<section class=\"ob-is-breaking-bad elementor-section elementor-top-section elementor-element elementor-element-5e2af63 elementor-section-full_width elementor-section-height-default elementor-section-height-default\" data-id=\"5e2af63\" data-element_type=\"section\" data-e-type=\"section\" data-settings=\"{&quot;_ob_bbad_use_it&quot;:&quot;yes&quot;,&quot;_ob_bbad_sssic_use&quot;:&quot;no&quot;,&quot;_ob_glider_is_slider&quot;:&quot;no&quot;}\">\n\t\t\t\t\t\t<div class=\"elementor-container elementor-column-gap-default\">\n\t\t\t\t\t<div class=\"elementor-column elementor-col-100 elementor-top-column elementor-element elementor-element-bf1e4d4\" data-id=\"bf1e4d4\" data-element_type=\"column\" data-e-type=\"column\" data-settings=\"{&quot;_ob_bbad_is_stalker&quot;:&quot;no&quot;,&quot;_ob_teleporter_use&quot;:false,&quot;_ob_column_hoveranimator&quot;:&quot;no&quot;,&quot;_ob_column_has_pseudo&quot;:&quot;no&quot;}\">\n\t\t\t<div class=\"elementor-widget-wrap elementor-element-populated\">\n\t\t\t\t\t\t<div class=\"elementor-element elementor-element-7511932 ob-harakiri-inherit ob-has-background-overlay elementor-widget elementor-widget-heading\" data-id=\"7511932\" data-element_type=\"widget\" data-e-type=\"widget\" data-settings=\"{&quot;_ob_use_harakiri&quot;:&quot;yes&quot;,&quot;_ob_harakiri_writing_mode&quot;:&quot;inherit&quot;,&quot;_ob_harakiri_text_clip&quot;:&quot;none&quot;,&quot;_ob_perspektive_use&quot;:&quot;no&quot;,&quot;_ob_poopart_use&quot;:&quot;yes&quot;,&quot;_ob_shadough_use&quot;:&quot;no&quot;,&quot;_ob_allow_hoveranimator&quot;:&quot;no&quot;,&quot;_ob_widget_stalker_use&quot;:&quot;no&quot;}\" data-widget_type=\"heading.default\">\n\t\t\t\t<div class=\"elementor-widget-container\">\n\t\t\t\t\t<h2 class=\"elementor-heading-title elementor-size-default\">Free workshop by Ambioterra<\/h2>\t\t\t\t<\/div>\n\t\t\t\t<\/div>\n\t\t\t\t<div class=\"elementor-element elementor-element-d0392ff ob-has-background-overlay elementor-widget elementor-widget-spacer\" data-id=\"d0392ff\" data-element_type=\"widget\" data-e-type=\"widget\" data-settings=\"{&quot;_ob_spacerat_use&quot;:&quot;no&quot;,&quot;_ob_perspektive_use&quot;:&quot;no&quot;,&quot;_ob_poopart_use&quot;:&quot;yes&quot;,&quot;_ob_shadough_use&quot;:&quot;no&quot;,&quot;_ob_allow_hoveranimator&quot;:&quot;no&quot;,&quot;_ob_widget_stalker_use&quot;:&quot;no&quot;}\" data-widget_type=\"spacer.default\">\n\t\t\t\t<div class=\"elementor-widget-container\">\n\t\t\t\t\t\t\t<div class=\"elementor-spacer\">\n\t\t\t<div class=\"elementor-spacer-inner\"><\/div>\n\t\t<\/div>\n\t\t\t\t\t\t<\/div>\n\t\t\t\t<\/div>\n\t\t\t\t<div class=\"elementor-element elementor-element-1b59d18 ob-harakiri-inherit ob-has-background-overlay elementor-widget elementor-widget-text-editor\" data-id=\"1b59d18\" data-element_type=\"widget\" data-e-type=\"widget\" data-settings=\"{&quot;_ob_use_harakiri&quot;:&quot;yes&quot;,&quot;_ob_harakiri_writing_mode&quot;:&quot;inherit&quot;,&quot;_ob_postman_use&quot;:&quot;no&quot;,&quot;_ob_perspektive_use&quot;:&quot;no&quot;,&quot;_ob_poopart_use&quot;:&quot;yes&quot;,&quot;_ob_shadough_use&quot;:&quot;no&quot;,&quot;_ob_allow_hoveranimator&quot;:&quot;no&quot;,&quot;_ob_widget_stalker_use&quot;:&quot;no&quot;}\" data-widget_type=\"text-editor.default\">\n\t\t\t\t<div class=\"elementor-widget-container\">\n\t\t\t\t\t\t\t\t\t<h3 style=\"text-align: right;\"><strong>Press release<\/strong><\/h3>\t\t\t\t\t\t\t\t<\/div>\n\t\t\t\t<\/div>\n\t\t\t\t<div class=\"elementor-element elementor-element-65dde77 ob-harakiri-inherit ob-has-background-overlay elementor-widget elementor-widget-text-editor\" data-id=\"65dde77\" data-element_type=\"widget\" data-e-type=\"widget\" data-settings=\"{&quot;_ob_use_harakiri&quot;:&quot;yes&quot;,&quot;_ob_harakiri_writing_mode&quot;:&quot;inherit&quot;,&quot;_ob_postman_use&quot;:&quot;no&quot;,&quot;_ob_perspektive_use&quot;:&quot;no&quot;,&quot;_ob_poopart_use&quot;:&quot;yes&quot;,&quot;_ob_shadough_use&quot;:&quot;no&quot;,&quot;_ob_allow_hoveranimator&quot;:&quot;no&quot;,&quot;_ob_widget_stalker_use&quot;:&quot;no&quot;}\" data-widget_type=\"text-editor.default\">\n\t\t\t\t<div class=\"elementor-widget-container\">\n\t\t\t\t\t\t\t\t\t*We are sorry, this communique is only available in French\r\n<p style=\"text-align: left;\"><strong>L&#8217;avenir de la for\u00eat en Mont\u00e9r\u00e9gie Ouest dans le contexte des changements climatiques<\/strong><\/p>\r\n<strong>Saint-Chrysostome, le 28 mars 2022 <\/strong>\u2013 L\u2019\u00e9quipe d\u2019Ambioterra offre actuellement un atelier gratuit, en particulier aux intervenants municipaux de la r\u00e9gion, afin de pr\u00e9senter le bilan de sant\u00e9 de la for\u00eat dans une perspective de lutte aux changements climatiques. Selon les donn\u00e9es de l\u2019agence g\u00e9omatique mont\u00e9r\u00e9gienne (G\u00e9oMont) entre 2009 et 2017, plus de 20 000 hectares de for\u00eats ont disparu sur l\u2019ensemble du territoire de la Mont\u00e9r\u00e9gie. \u00ab La perte de ces superficies foresti\u00e8res n\u2019est pas sans cons\u00e9quence pour la biodiversit\u00e9 et le climat : rel\u00e2chement du CO<sub>2<\/sub> dans l\u2019atmosph\u00e8re, destruction des r\u00e9servoirs de carbone, cr\u00e9ation des \u00eelots de chaleur, destruction et d\u00e9gradation des habitats fauniques et floristiques, etc. \u00bb, affirme M. Karel M\u00e9nard, pr\u00e9sident d\u2019Ambioterra.\r\n\r\n<sub>\u00a0<\/sub>\r\n\r\n\u00abLa for\u00eat repr\u00e9sente le plus important r\u00e9servoir de carbone terrestre. Les for\u00eats et les sols forestiers poss\u00e8dent une production primaire nette de loin sup\u00e9rieure \u00e0 celle d\u2019autres \u00e9cosyst\u00e8mes terrestres, comme les prairies herbac\u00e9es en zone temp\u00e9r\u00e9e et les terres agricoles. Par cons\u00e9quent, la protection et la gestion \u00e9cosyst\u00e9mique de la for\u00eat sont les meilleurs outils d\u2019att\u00e9nuation des \u00e9missions de gaz \u00e0 effet de serre \u00bb, mentionne Priscilla Gareau, directrice g\u00e9n\u00e9rale d\u2019Ambioterra. Dans le cadre de cet atelier, vous d\u00e9couvrirez les enjeux qui se dessinent pour notre r\u00e9gion en terme de protection des milieux forestiers et de la biodiversit\u00e9, particuli\u00e8rement ceux li\u00e9s aux changements climatiques et aux mesures d\u2019adaptation \u00e0 mettre en \u0153uvre. Vous souhaitez en savoir plus, inscrivez-vous, il est encore temps !\r\n\r\n<strong>\u00a0<\/strong>\r\n\r\n<strong>Cet atelier gratuit se tient en format virtuel sur la plateforme Zoom, plusieurs dates \u00e0 venir selon le plus grand nombre de personnes int\u00e9ress\u00e9es. <\/strong>R\u00e9servez votre place pour les ateliers d\u00e8s maintenant, par courriel \u00e0 <a href=\"mailto:sgingras@ambioterra.org\">sgingras@ambioterra.org<\/a>, par t\u00e9l\u00e9phone au 450-637-8585, via notre page Facebook ou notre site Internet au www.ambioterra.org.\r\n\r\nCe projet est r\u00e9alis\u00e9 gr\u00e2ce \u00e0 la participation financi\u00e8re du gouvernement du Qu\u00e9bec, de l\u2019Agence foresti\u00e8re de la Mont\u00e9r\u00e9gie, de l\u2019ensemble des municipalit\u00e9s r\u00e9gionales de comt\u00e9 de la Mont\u00e9r\u00e9gie ainsi que l\u2019Agglom\u00e9ration de Longueuil dans le cadre de l\u2019Entente sectorielle de d\u00e9veloppement pour la for\u00eat de la Mont\u00e9r\u00e9gie\r\n\r\n<strong>&#8211; 30-<\/strong>\r\n\r\n<strong>\u00a0<\/strong>\r\n\r\n<strong>Information\u00a0:<\/strong>\r\n\r\nSt\u00e9phane Gingras\r\n\r\nT\u00e9l.\u00a0: (450) 637-8585\r\n\r\n<a href=\"mailto:sgingras@ambioterra.org\">sgingras@ambioterra.org<\/a>\t\t\t\t\t\t\t\t<\/div>\n\t\t\t\t<\/div>\n\t\t\t\t<div class=\"elementor-element elementor-element-8e77e16 ob-has-background-overlay elementor-widget elementor-widget-spacer\" data-id=\"8e77e16\" data-element_type=\"widget\" data-e-type=\"widget\" data-settings=\"{&quot;_ob_spacerat_use&quot;:&quot;no&quot;,&quot;_ob_perspektive_use&quot;:&quot;no&quot;,&quot;_ob_poopart_use&quot;:&quot;yes&quot;,&quot;_ob_shadough_use&quot;:&quot;no&quot;,&quot;_ob_allow_hoveranimator&quot;:&quot;no&quot;,&quot;_ob_widget_stalker_use&quot;:&quot;no&quot;}\" data-widget_type=\"spacer.default\">\n\t\t\t\t<div class=\"elementor-widget-container\">\n\t\t\t\t\t\t\t<div class=\"elementor-spacer\">\n\t\t\t<div class=\"elementor-spacer-inner\"><\/div>\n\t\t<\/div>\n\t\t\t\t\t\t<\/div>\n\t\t\t\t<\/div>\n\t\t\t\t<div class=\"elementor-element elementor-element-5466783 ob-has-background-overlay elementor-widget elementor-widget-button\" data-id=\"5466783\" data-element_type=\"widget\" data-e-type=\"widget\" data-settings=\"{&quot;_ob_butterbutton_use_it&quot;:&quot;no&quot;,&quot;_ob_perspektive_use&quot;:&quot;no&quot;,&quot;_ob_poopart_use&quot;:&quot;yes&quot;,&quot;_ob_shadough_use&quot;:&quot;no&quot;,&quot;_ob_allow_hoveranimator&quot;:&quot;no&quot;,&quot;_ob_widget_stalker_use&quot;:&quot;no&quot;}\" data-widget_type=\"button.default\">\n\t\t\t\t<div class=\"elementor-widget-container\">\n\t\t\t\t\t\t\t\t\t<div class=\"elementor-button-wrapper\">\n\t\t\t\t\t<a class=\"elementor-button elementor-button-link elementor-size-sm\" href=\"https:\/\/mun-havelock.ca\/wp-content\/uploads\/2022\/03\/Communique_foret_mars2022.pdf\" target=\"_blank\">\n\t\t\t\t\t\t<span class=\"elementor-button-content-wrapper\">\n\t\t\t\t\t\t\t\t\t<span class=\"elementor-button-text\">Original communique<\/span>\n\t\t\t\t\t<\/span>\n\t\t\t\t\t<\/a>\n\t\t\t\t<\/div>\n\t\t\t\t\t\t\t\t<\/div>\n\t\t\t\t<\/div>\n\t\t\t\t<div class=\"elementor-element elementor-element-db2386a ob-has-background-overlay elementor-widget elementor-widget-spacer\" data-id=\"db2386a\" data-element_type=\"widget\" data-e-type=\"widget\" data-settings=\"{&quot;_ob_spacerat_use&quot;:&quot;no&quot;,&quot;_ob_perspektive_use&quot;:&quot;no&quot;,&quot;_ob_poopart_use&quot;:&quot;yes&quot;,&quot;_ob_shadough_use&quot;:&quot;no&quot;,&quot;_ob_allow_hoveranimator&quot;:&quot;no&quot;,&quot;_ob_widget_stalker_use&quot;:&quot;no&quot;}\" data-widget_type=\"spacer.default\">\n\t\t\t\t<div class=\"elementor-widget-container\">\n\t\t\t\t\t\t\t<div class=\"elementor-spacer\">\n\t\t\t<div class=\"elementor-spacer-inner\"><\/div>\n\t\t<\/div>\n\t\t\t\t\t\t<\/div>\n\t\t\t\t<\/div>\n\t\t\t\t\t<\/div>\n\t\t<\/div>\n\t\t\t\t\t<\/div>\n\t\t<\/section>\n\t\t\t\t<section class=\"ob-is-breaking-bad elementor-section elementor-top-section elementor-element elementor-element-cbb919a elementor-section-boxed elementor-section-height-default elementor-section-height-default\" data-id=\"cbb919a\" data-element_type=\"section\" data-e-type=\"section\" data-settings=\"{&quot;_ob_bbad_use_it&quot;:&quot;yes&quot;,&quot;_ob_bbad_sssic_use&quot;:&quot;no&quot;,&quot;_ob_glider_is_slider&quot;:&quot;no&quot;}\">\n\t\t\t\t\t\t<div class=\"elementor-container elementor-column-gap-default\">\n\t\t\t\t\t<div class=\"elementor-column elementor-col-100 elementor-top-column elementor-element elementor-element-4963c4e\" data-id=\"4963c4e\" data-element_type=\"column\" data-e-type=\"column\" data-settings=\"{&quot;_ob_bbad_is_stalker&quot;:&quot;no&quot;,&quot;_ob_teleporter_use&quot;:false,&quot;_ob_column_hoveranimator&quot;:&quot;no&quot;,&quot;_ob_column_has_pseudo&quot;:&quot;no&quot;}\">\n\t\t\t<div class=\"elementor-widget-wrap\">\n\t\t\t\t\t\t\t<\/div>\n\t\t<\/div>\n\t\t\t\t\t<\/div>\n\t\t<\/section>\n\t\t\t\t<\/div>\n\t\t","protected":false},"excerpt":{"rendered":"<p>Free workshop by Ambioterra Press release *We are sorry, this communique is only available in French L&#8217;avenir de la for\u00eat en Mont\u00e9r\u00e9gie Ouest dans le contexte des changements climatiques Saint-Chrysostome, le 28 mars 2022 \u2013 L\u2019\u00e9quipe d\u2019Ambioterra offre actuellement un atelier gratuit, en particulier aux intervenants municipaux de la r\u00e9gion, afin de pr\u00e9senter le bilan [&hellip;]<\/p>\n","protected":false},"author":1,"featured_media":4704,"comment_status":"closed","ping_status":"closed","sticky":false,"template":"","format":"standard","meta":{"site-sidebar-layout":"default","site-content-layout":"","ast-site-content-layout":"default","site-content-style":"default","site-sidebar-style":"default","ast-global-header-display":"","ast-banner-title-visibility":"","ast-main-header-display":"","ast-hfb-above-header-display":"","ast-hfb-below-header-display":"","ast-hfb-mobile-header-display":"","site-post-title":"","ast-breadcrumbs-content":"","ast-featured-img":"","footer-sml-layout":"","ast-disable-related-posts":"","theme-transparent-header-meta":"","adv-header-id-meta":"","stick-header-meta":"","header-above-stick-meta":"","header-main-stick-meta":"","header-below-stick-meta":"","astra-migrate-meta-layouts":"default","ast-page-background-enabled":"default","ast-page-background-meta":{"desktop":{"background-color":"var(--ast-global-color-4)","background-image":"","background-repeat":"repeat","background-position":"center center","background-size":"auto","background-attachment":"scroll","background-type":"","background-media":"","overlay-type":"","overlay-color":"","overlay-opacity":"","overlay-gradient":""},"tablet":{"background-color":"","background-image":"","background-repeat":"repeat","background-position":"center center","background-size":"auto","background-attachment":"scroll","background-type":"","background-media":"","overlay-type":"","overlay-color":"","overlay-opacity":"","overlay-gradient":""},"mobile":{"background-color":"","background-image":"","background-repeat":"repeat","background-position":"center center","background-size":"auto","background-attachment":"scroll","background-type":"","background-media":"","overlay-type":"","overlay-color":"","overlay-opacity":"","overlay-gradient":""}},"ast-content-background-meta":{"desktop":{"background-color":"var(--ast-global-color-5)","background-image":"","background-repeat":"repeat","background-position":"center center","background-size":"auto","background-attachment":"scroll","background-type":"","background-media":"","overlay-type":"","overlay-color":"","overlay-opacity":"","overlay-gradient":""},"tablet":{"background-color":"var(--ast-global-color-5)","background-image":"","background-repeat":"repeat","background-position":"center center","background-size":"auto","background-attachment":"scroll","background-type":"","background-media":"","overlay-type":"","overlay-color":"","overlay-opacity":"","overlay-gradient":""},"mobile":{"background-color":"var(--ast-global-color-5)","background-image":"","background-repeat":"repeat","background-position":"center center","background-size":"auto","background-attachment":"scroll","background-type":"","background-media":"","overlay-type":"","overlay-color":"","overlay-opacity":"","overlay-gradient":""}},"footnotes":""},"categories":[38],"tags":[],"class_list":["post-4695","post","type-post","status-publish","format-standard","has-post-thumbnail","hentry","category-public-notices"],"yoast_head":"<!-- This site is optimized with the Yoast SEO plugin v27.5 - https:\/\/yoast.com\/product\/yoast-seo-wordpress\/ -->\n<title>The future of the forest in the western Mont\u00e9r\u00e9gie in the context of climate change - Municipalit\u00e9 d&#039;Havelock<\/title>\n<meta name=\"robots\" content=\"noindex, follow\" \/>\n<meta property=\"og:locale\" content=\"en_US\" \/>\n<meta property=\"og:type\" content=\"article\" \/>\n<meta property=\"og:title\" content=\"The future of the forest in the western Mont\u00e9r\u00e9gie in the context of climate change - Municipalit\u00e9 d&#039;Havelock\" \/>\n<meta property=\"og:description\" content=\"Free workshop by Ambioterra Press release *We are sorry, this communique is only available in French L&#8217;avenir de la for\u00eat en Mont\u00e9r\u00e9gie Ouest dans le contexte des changements climatiques Saint-Chrysostome, le 28 mars 2022 \u2013 L\u2019\u00e9quipe d\u2019Ambioterra offre actuellement un atelier gratuit, en particulier aux intervenants municipaux de la r\u00e9gion, afin de pr\u00e9senter le bilan [&hellip;]\" \/>\n<meta property=\"og:url\" content=\"https:\/\/mun-havelock.ca\/en\/the-future-of-the-forest-in-the-western-monteregie-in-the-context-of-climate-change\/\" \/>\n<meta property=\"og:site_name\" content=\"Municipalit\u00e9 d&#039;Havelock\" \/>\n<meta property=\"article:published_time\" content=\"2022-03-31T18:59:21+00:00\" \/>\n<meta property=\"article:modified_time\" content=\"2022-03-31T19:02:49+00:00\" \/>\n<meta property=\"og:image\" content=\"https:\/\/mun-havelock.ca\/wp-content\/uploads\/2022\/03\/Ambioterra-LOGO-RGB.png\" \/>\n\t<meta property=\"og:image:width\" content=\"3236\" \/>\n\t<meta property=\"og:image:height\" content=\"3636\" \/>\n\t<meta property=\"og:image:type\" content=\"image\/png\" \/>\n<meta name=\"author\" content=\"havelock-admin\" \/>\n<meta name=\"twitter:card\" content=\"summary_large_image\" \/>\n<meta name=\"twitter:label1\" content=\"Written by\" \/>\n\t<meta name=\"twitter:data1\" content=\"havelock-admin\" \/>\n\t<meta name=\"twitter:label2\" content=\"Est. reading time\" \/>\n\t<meta name=\"twitter:data2\" content=\"2 minutes\" \/>\n<script type=\"application\/ld+json\" class=\"yoast-schema-graph\">{\"@context\":\"https:\\\/\\\/schema.org\",\"@graph\":[{\"@type\":\"Article\",\"@id\":\"https:\\\/\\\/mun-havelock.ca\\\/en\\\/the-future-of-the-forest-in-the-western-monteregie-in-the-context-of-climate-change\\\/#article\",\"isPartOf\":{\"@id\":\"https:\\\/\\\/mun-havelock.ca\\\/en\\\/the-future-of-the-forest-in-the-western-monteregie-in-the-context-of-climate-change\\\/\"},\"author\":{\"name\":\"havelock-admin\",\"@id\":\"https:\\\/\\\/mun-havelock.ca\\\/en\\\/#\\\/schema\\\/person\\\/7692a61491dc73161c3d81bb78575441\"},\"headline\":\"The future of the forest in the western Mont\u00e9r\u00e9gie in the context of climate change\",\"datePublished\":\"2022-03-31T18:59:21+00:00\",\"dateModified\":\"2022-03-31T19:02:49+00:00\",\"mainEntityOfPage\":{\"@id\":\"https:\\\/\\\/mun-havelock.ca\\\/en\\\/the-future-of-the-forest-in-the-western-monteregie-in-the-context-of-climate-change\\\/\"},\"wordCount\":465,\"publisher\":{\"@id\":\"https:\\\/\\\/mun-havelock.ca\\\/en\\\/#organization\"},\"image\":{\"@id\":\"https:\\\/\\\/mun-havelock.ca\\\/en\\\/the-future-of-the-forest-in-the-western-monteregie-in-the-context-of-climate-change\\\/#primaryimage\"},\"thumbnailUrl\":\"https:\\\/\\\/mun-havelock.ca\\\/wp-content\\\/uploads\\\/2022\\\/03\\\/Ambioterra-LOGO-RGB.png\",\"articleSection\":[\"Public notices\"],\"inLanguage\":\"en-US\"},{\"@type\":\"WebPage\",\"@id\":\"https:\\\/\\\/mun-havelock.ca\\\/en\\\/the-future-of-the-forest-in-the-western-monteregie-in-the-context-of-climate-change\\\/\",\"url\":\"https:\\\/\\\/mun-havelock.ca\\\/en\\\/the-future-of-the-forest-in-the-western-monteregie-in-the-context-of-climate-change\\\/\",\"name\":\"The future of the forest in the western Mont\u00e9r\u00e9gie in the context of climate change - Municipalit\u00e9 d&#039;Havelock\",\"isPartOf\":{\"@id\":\"https:\\\/\\\/mun-havelock.ca\\\/en\\\/#website\"},\"primaryImageOfPage\":{\"@id\":\"https:\\\/\\\/mun-havelock.ca\\\/en\\\/the-future-of-the-forest-in-the-western-monteregie-in-the-context-of-climate-change\\\/#primaryimage\"},\"image\":{\"@id\":\"https:\\\/\\\/mun-havelock.ca\\\/en\\\/the-future-of-the-forest-in-the-western-monteregie-in-the-context-of-climate-change\\\/#primaryimage\"},\"thumbnailUrl\":\"https:\\\/\\\/mun-havelock.ca\\\/wp-content\\\/uploads\\\/2022\\\/03\\\/Ambioterra-LOGO-RGB.png\",\"datePublished\":\"2022-03-31T18:59:21+00:00\",\"dateModified\":\"2022-03-31T19:02:49+00:00\",\"breadcrumb\":{\"@id\":\"https:\\\/\\\/mun-havelock.ca\\\/en\\\/the-future-of-the-forest-in-the-western-monteregie-in-the-context-of-climate-change\\\/#breadcrumb\"},\"inLanguage\":\"en-US\",\"potentialAction\":[{\"@type\":\"ReadAction\",\"target\":[\"https:\\\/\\\/mun-havelock.ca\\\/en\\\/the-future-of-the-forest-in-the-western-monteregie-in-the-context-of-climate-change\\\/\"]}]},{\"@type\":\"ImageObject\",\"inLanguage\":\"en-US\",\"@id\":\"https:\\\/\\\/mun-havelock.ca\\\/en\\\/the-future-of-the-forest-in-the-western-monteregie-in-the-context-of-climate-change\\\/#primaryimage\",\"url\":\"https:\\\/\\\/mun-havelock.ca\\\/wp-content\\\/uploads\\\/2022\\\/03\\\/Ambioterra-LOGO-RGB.png\",\"contentUrl\":\"https:\\\/\\\/mun-havelock.ca\\\/wp-content\\\/uploads\\\/2022\\\/03\\\/Ambioterra-LOGO-RGB.png\",\"width\":3236,\"height\":3636},{\"@type\":\"BreadcrumbList\",\"@id\":\"https:\\\/\\\/mun-havelock.ca\\\/en\\\/the-future-of-the-forest-in-the-western-monteregie-in-the-context-of-climate-change\\\/#breadcrumb\",\"itemListElement\":[{\"@type\":\"ListItem\",\"position\":1,\"name\":\"Accueil\",\"item\":\"https:\\\/\\\/mun-havelock.ca\\\/en\\\/\"},{\"@type\":\"ListItem\",\"position\":2,\"name\":\"The future of the forest in the western Mont\u00e9r\u00e9gie in the context of climate change\"}]},{\"@type\":\"WebSite\",\"@id\":\"https:\\\/\\\/mun-havelock.ca\\\/en\\\/#website\",\"url\":\"https:\\\/\\\/mun-havelock.ca\\\/en\\\/\",\"name\":\"Municipalit\u00e9 d&#039;Havelock\",\"description\":\"\",\"publisher\":{\"@id\":\"https:\\\/\\\/mun-havelock.ca\\\/en\\\/#organization\"},\"potentialAction\":[{\"@type\":\"SearchAction\",\"target\":{\"@type\":\"EntryPoint\",\"urlTemplate\":\"https:\\\/\\\/mun-havelock.ca\\\/en\\\/?s={search_term_string}\"},\"query-input\":{\"@type\":\"PropertyValueSpecification\",\"valueRequired\":true,\"valueName\":\"search_term_string\"}}],\"inLanguage\":\"en-US\"},{\"@type\":\"Organization\",\"@id\":\"https:\\\/\\\/mun-havelock.ca\\\/en\\\/#organization\",\"name\":\"Municipalit\u00e9 d&#039;Havelock\",\"url\":\"https:\\\/\\\/mun-havelock.ca\\\/en\\\/\",\"logo\":{\"@type\":\"ImageObject\",\"inLanguage\":\"en-US\",\"@id\":\"https:\\\/\\\/mun-havelock.ca\\\/en\\\/#\\\/schema\\\/logo\\\/image\\\/\",\"url\":\"https:\\\/\\\/mun-havelock.ca\\\/wp-content\\\/uploads\\\/2021\\\/11\\\/havelock-logo.svg\",\"contentUrl\":\"https:\\\/\\\/mun-havelock.ca\\\/wp-content\\\/uploads\\\/2021\\\/11\\\/havelock-logo.svg\",\"caption\":\"Municipalit\u00e9 d&#039;Havelock\"},\"image\":{\"@id\":\"https:\\\/\\\/mun-havelock.ca\\\/en\\\/#\\\/schema\\\/logo\\\/image\\\/\"}},{\"@type\":\"Person\",\"@id\":\"https:\\\/\\\/mun-havelock.ca\\\/en\\\/#\\\/schema\\\/person\\\/7692a61491dc73161c3d81bb78575441\",\"name\":\"havelock-admin\",\"image\":{\"@type\":\"ImageObject\",\"inLanguage\":\"en-US\",\"@id\":\"https:\\\/\\\/secure.gravatar.com\\\/avatar\\\/784c3cd511937876684c3be7fccdc5d22e218b9108a33e405a3075157ee49dbf?s=96&d=mm&r=g\",\"url\":\"https:\\\/\\\/secure.gravatar.com\\\/avatar\\\/784c3cd511937876684c3be7fccdc5d22e218b9108a33e405a3075157ee49dbf?s=96&d=mm&r=g\",\"contentUrl\":\"https:\\\/\\\/secure.gravatar.com\\\/avatar\\\/784c3cd511937876684c3be7fccdc5d22e218b9108a33e405a3075157ee49dbf?s=96&d=mm&r=g\",\"caption\":\"havelock-admin\"},\"sameAs\":[\"http:\\\/\\\/p512.devonline.info\"]}]}<\/script>\n<!-- \/ Yoast SEO plugin. -->","yoast_head_json":{"title":"The future of the forest in the western Mont\u00e9r\u00e9gie in the context of climate change - Municipalit\u00e9 d&#039;Havelock","robots":{"index":"noindex","follow":"follow"},"og_locale":"en_US","og_type":"article","og_title":"The future of the forest in the western Mont\u00e9r\u00e9gie in the context of climate change - Municipalit\u00e9 d&#039;Havelock","og_description":"Free workshop by Ambioterra Press release *We are sorry, this communique is only available in French L&#8217;avenir de la for\u00eat en Mont\u00e9r\u00e9gie Ouest dans le contexte des changements climatiques Saint-Chrysostome, le 28 mars 2022 \u2013 L\u2019\u00e9quipe d\u2019Ambioterra offre actuellement un atelier gratuit, en particulier aux intervenants municipaux de la r\u00e9gion, afin de pr\u00e9senter le bilan [&hellip;]","og_url":"https:\/\/mun-havelock.ca\/en\/the-future-of-the-forest-in-the-western-monteregie-in-the-context-of-climate-change\/","og_site_name":"Municipalit\u00e9 d&#039;Havelock","article_published_time":"2022-03-31T18:59:21+00:00","article_modified_time":"2022-03-31T19:02:49+00:00","og_image":[{"width":3236,"height":3636,"url":"https:\/\/mun-havelock.ca\/wp-content\/uploads\/2022\/03\/Ambioterra-LOGO-RGB.png","type":"image\/png"}],"author":"havelock-admin","twitter_card":"summary_large_image","twitter_misc":{"Written by":"havelock-admin","Est. reading time":"2 minutes"},"schema":{"@context":"https:\/\/schema.org","@graph":[{"@type":"Article","@id":"https:\/\/mun-havelock.ca\/en\/the-future-of-the-forest-in-the-western-monteregie-in-the-context-of-climate-change\/#article","isPartOf":{"@id":"https:\/\/mun-havelock.ca\/en\/the-future-of-the-forest-in-the-western-monteregie-in-the-context-of-climate-change\/"},"author":{"name":"havelock-admin","@id":"https:\/\/mun-havelock.ca\/en\/#\/schema\/person\/7692a61491dc73161c3d81bb78575441"},"headline":"The future of the forest in the western Mont\u00e9r\u00e9gie in the context of climate change","datePublished":"2022-03-31T18:59:21+00:00","dateModified":"2022-03-31T19:02:49+00:00","mainEntityOfPage":{"@id":"https:\/\/mun-havelock.ca\/en\/the-future-of-the-forest-in-the-western-monteregie-in-the-context-of-climate-change\/"},"wordCount":465,"publisher":{"@id":"https:\/\/mun-havelock.ca\/en\/#organization"},"image":{"@id":"https:\/\/mun-havelock.ca\/en\/the-future-of-the-forest-in-the-western-monteregie-in-the-context-of-climate-change\/#primaryimage"},"thumbnailUrl":"https:\/\/mun-havelock.ca\/wp-content\/uploads\/2022\/03\/Ambioterra-LOGO-RGB.png","articleSection":["Public notices"],"inLanguage":"en-US"},{"@type":"WebPage","@id":"https:\/\/mun-havelock.ca\/en\/the-future-of-the-forest-in-the-western-monteregie-in-the-context-of-climate-change\/","url":"https:\/\/mun-havelock.ca\/en\/the-future-of-the-forest-in-the-western-monteregie-in-the-context-of-climate-change\/","name":"The future of the forest in the western Mont\u00e9r\u00e9gie in the context of climate change - Municipalit\u00e9 d&#039;Havelock","isPartOf":{"@id":"https:\/\/mun-havelock.ca\/en\/#website"},"primaryImageOfPage":{"@id":"https:\/\/mun-havelock.ca\/en\/the-future-of-the-forest-in-the-western-monteregie-in-the-context-of-climate-change\/#primaryimage"},"image":{"@id":"https:\/\/mun-havelock.ca\/en\/the-future-of-the-forest-in-the-western-monteregie-in-the-context-of-climate-change\/#primaryimage"},"thumbnailUrl":"https:\/\/mun-havelock.ca\/wp-content\/uploads\/2022\/03\/Ambioterra-LOGO-RGB.png","datePublished":"2022-03-31T18:59:21+00:00","dateModified":"2022-03-31T19:02:49+00:00","breadcrumb":{"@id":"https:\/\/mun-havelock.ca\/en\/the-future-of-the-forest-in-the-western-monteregie-in-the-context-of-climate-change\/#breadcrumb"},"inLanguage":"en-US","potentialAction":[{"@type":"ReadAction","target":["https:\/\/mun-havelock.ca\/en\/the-future-of-the-forest-in-the-western-monteregie-in-the-context-of-climate-change\/"]}]},{"@type":"ImageObject","inLanguage":"en-US","@id":"https:\/\/mun-havelock.ca\/en\/the-future-of-the-forest-in-the-western-monteregie-in-the-context-of-climate-change\/#primaryimage","url":"https:\/\/mun-havelock.ca\/wp-content\/uploads\/2022\/03\/Ambioterra-LOGO-RGB.png","contentUrl":"https:\/\/mun-havelock.ca\/wp-content\/uploads\/2022\/03\/Ambioterra-LOGO-RGB.png","width":3236,"height":3636},{"@type":"BreadcrumbList","@id":"https:\/\/mun-havelock.ca\/en\/the-future-of-the-forest-in-the-western-monteregie-in-the-context-of-climate-change\/#breadcrumb","itemListElement":[{"@type":"ListItem","position":1,"name":"Accueil","item":"https:\/\/mun-havelock.ca\/en\/"},{"@type":"ListItem","position":2,"name":"The future of the forest in the western Mont\u00e9r\u00e9gie in the context of climate change"}]},{"@type":"WebSite","@id":"https:\/\/mun-havelock.ca\/en\/#website","url":"https:\/\/mun-havelock.ca\/en\/","name":"Municipalit\u00e9 d&#039;Havelock","description":"","publisher":{"@id":"https:\/\/mun-havelock.ca\/en\/#organization"},"potentialAction":[{"@type":"SearchAction","target":{"@type":"EntryPoint","urlTemplate":"https:\/\/mun-havelock.ca\/en\/?s={search_term_string}"},"query-input":{"@type":"PropertyValueSpecification","valueRequired":true,"valueName":"search_term_string"}}],"inLanguage":"en-US"},{"@type":"Organization","@id":"https:\/\/mun-havelock.ca\/en\/#organization","name":"Municipalit\u00e9 d&#039;Havelock","url":"https:\/\/mun-havelock.ca\/en\/","logo":{"@type":"ImageObject","inLanguage":"en-US","@id":"https:\/\/mun-havelock.ca\/en\/#\/schema\/logo\/image\/","url":"https:\/\/mun-havelock.ca\/wp-content\/uploads\/2021\/11\/havelock-logo.svg","contentUrl":"https:\/\/mun-havelock.ca\/wp-content\/uploads\/2021\/11\/havelock-logo.svg","caption":"Municipalit\u00e9 d&#039;Havelock"},"image":{"@id":"https:\/\/mun-havelock.ca\/en\/#\/schema\/logo\/image\/"}},{"@type":"Person","@id":"https:\/\/mun-havelock.ca\/en\/#\/schema\/person\/7692a61491dc73161c3d81bb78575441","name":"havelock-admin","image":{"@type":"ImageObject","inLanguage":"en-US","@id":"https:\/\/secure.gravatar.com\/avatar\/784c3cd511937876684c3be7fccdc5d22e218b9108a33e405a3075157ee49dbf?s=96&d=mm&r=g","url":"https:\/\/secure.gravatar.com\/avatar\/784c3cd511937876684c3be7fccdc5d22e218b9108a33e405a3075157ee49dbf?s=96&d=mm&r=g","contentUrl":"https:\/\/secure.gravatar.com\/avatar\/784c3cd511937876684c3be7fccdc5d22e218b9108a33e405a3075157ee49dbf?s=96&d=mm&r=g","caption":"havelock-admin"},"sameAs":["http:\/\/p512.devonline.info"]}]}},"_links":{"self":[{"href":"https:\/\/mun-havelock.ca\/en\/wp-json\/wp\/v2\/posts\/4695","targetHints":{"allow":["GET"]}}],"collection":[{"href":"https:\/\/mun-havelock.ca\/en\/wp-json\/wp\/v2\/posts"}],"about":[{"href":"https:\/\/mun-havelock.ca\/en\/wp-json\/wp\/v2\/types\/post"}],"author":[{"embeddable":true,"href":"https:\/\/mun-havelock.ca\/en\/wp-json\/wp\/v2\/users\/1"}],"replies":[{"embeddable":true,"href":"https:\/\/mun-havelock.ca\/en\/wp-json\/wp\/v2\/comments?post=4695"}],"version-history":[{"count":9,"href":"https:\/\/mun-havelock.ca\/en\/wp-json\/wp\/v2\/posts\/4695\/revisions"}],"predecessor-version":[{"id":4721,"href":"https:\/\/mun-havelock.ca\/en\/wp-json\/wp\/v2\/posts\/4695\/revisions\/4721"}],"wp:featuredmedia":[{"embeddable":true,"href":"https:\/\/mun-havelock.ca\/en\/wp-json\/wp\/v2\/media\/4704"}],"wp:attachment":[{"href":"https:\/\/mun-havelock.ca\/en\/wp-json\/wp\/v2\/media?parent=4695"}],"wp:term":[{"taxonomy":"category","embeddable":true,"href":"https:\/\/mun-havelock.ca\/en\/wp-json\/wp\/v2\/categories?post=4695"},{"taxonomy":"post_tag","embeddable":true,"href":"https:\/\/mun-havelock.ca\/en\/wp-json\/wp\/v2\/tags?post=4695"}],"curies":[{"name":"wp","href":"https:\/\/api.w.org\/{rel}","templated":true}]}}